{"id":21,"date":"2020-02-24T21:12:15","date_gmt":"2020-02-24T21:12:15","guid":{"rendered":"https:\/\/juliomoizeszowicz.com.ar\/web\/?p=21"},"modified":"2020-03-25T17:05:59","modified_gmt":"2020-03-25T17:05:59","slug":"clinicas-perinatologicas-argentinas","status":"publish","type":"post","link":"https:\/\/juliomoizeszowicz.com.ar\/web\/clinicas-perinatologicas-argentinas\/","title":{"rendered":"Cl\u00ednicas Perinatol\u00f3gicas Argentinas"},"content":{"rendered":"\n<p class=\"has-drop-cap\">Es su tercer ciclo, las Cl\u00ednicas Perinatol\u00f3gicas Argentinas mantienen su concepci\u00f3n como proyecto de educaci\u00f3n continua orientado a las necesidades de actualizaci\u00f3n de los profesionales del equipo de salud perinatal. Sus contenidos docentes se adecu\u00e1n a dichas necesidades en una \u00e9poca en la que corremos el riesgo de \u201cdesinformarnos por exceso de informaci\u00f3n in\u00fatil\u201d. Jerarquizan el enfoque multidisciplinario e integrador de la perinatolog\u00eda, ya que esta disciplina es necesariamente hol\u00edstica. La informaci\u00f3n se ha&nbsp; sistematizado para que el desarrollo de los temas sea ameno y despierte inter\u00e9s.<\/p>\n\n\n\n<p>Las Cl\u00ednicas Perinatol\u00f3gicas son Argentinas porque atienden nuestras prioridades, es decir, las de nuestra gente.<br>Utilizan nuestro idioma y reflejan el estado actual del conocimiento en el marco de la cultura y la idiosincrasia que nos son propias. Incorporan el aporte y las opiniones de distinguidos expertos argentinos y extranjeros.<\/p>\n\n\n\n<p>Psicof\u00e1rmacos en los trastornos psiqui\u00e1tricos del embarazo, parto y puerperio. Ricardo Ill\u00eda, Julio Moizeszowicz, Liliana Fern\u00e1ndez, Ricardo Savransky, Fernando L\u00f3pez, Roberto I. Kekliki\u00e1n.<br>1998\/1999 &#8211; Ediciones Asaper, Buenos Aires &#8211; Volumen 2, 144 p\u00e1g.<\/p>\n\n\n\n<div style=\"height:50px\" aria-hidden=\"true\" class=\"wp-block-spacer\"><\/div>\n\n\n\n<div class=\"wp-block-button\"><a class=\"wp-block-button__link has-background\" href=\"https:\/\/juliomoizeszowicz.com.ar\/PDF\/1998-Clinicas-perinatologicaas-Argentinas.pdf\" style=\"background-color:#269ccb;border-radius:5px\" target=\"_blank\" rel=\"noreferrer noopener\">DESCARGAR<\/a><\/div>\n","protected":false},"excerpt":{"rendered":"<p>Es su tercer ciclo, las Cl\u00ednicas Perinatol\u00f3gicas Argentinas mantienen su concepci\u00f3n como proyecto de educaci\u00f3n continua orientado a las necesidades de actualizaci\u00f3n de los profesionales del equipo de salud perinatal.<\/p>\n","protected":false},"author":2,"featured_media":154,"comment_status":"closed","ping_status":"open","sticky":false,"template":"","format":"standard","meta":{"footnotes":""},"categories":[2],"tags":[20,21],"class_list":["post-21","post","type-post","status-publish","format-standard","has-post-thumbnail","hentry","category-libros-editados","tag-clinicas-perinatologicas-argentinas","tag-psicofarmacos-en-los-trastornos-psiquiatricos-del-embarazo"],"_links":{"self":[{"href":"https:\/\/juliomoizeszowicz.com.ar\/web\/wp-json\/wp\/v2\/posts\/21","targetHints":{"allow":["GET"]}}],"collection":[{"href":"https:\/\/juliomoizeszowicz.com.ar\/web\/wp-json\/wp\/v2\/posts"}],"about":[{"href":"https:\/\/juliomoizeszowicz.com.ar\/web\/wp-json\/wp\/v2\/types\/post"}],"author":[{"embeddable":true,"href":"https:\/\/juliomoizeszowicz.com.ar\/web\/wp-json\/wp\/v2\/users\/2"}],"replies":[{"embeddable":true,"href":"https:\/\/juliomoizeszowicz.com.ar\/web\/wp-json\/wp\/v2\/comments?post=21"}],"version-history":[{"count":4,"href":"https:\/\/juliomoizeszowicz.com.ar\/web\/wp-json\/wp\/v2\/posts\/21\/revisions"}],"predecessor-version":[{"id":237,"href":"https:\/\/juliomoizeszowicz.com.ar\/web\/wp-json\/wp\/v2\/posts\/21\/revisions\/237"}],"wp:featuredmedia":[{"embeddable":true,"href":"https:\/\/juliomoizeszowicz.com.ar\/web\/wp-json\/wp\/v2\/media\/154"}],"wp:attachment":[{"href":"https:\/\/juliomoizeszowicz.com.ar\/web\/wp-json\/wp\/v2\/media?parent=21"}],"wp:term":[{"taxonomy":"category","embeddable":true,"href":"https:\/\/juliomoizeszowicz.com.ar\/web\/wp-json\/wp\/v2\/categories?post=21"},{"taxonomy":"post_tag","embeddable":true,"href":"https:\/\/juliomoizeszowicz.com.ar\/web\/wp-json\/wp\/v2\/tags?post=21"}],"curies":[{"name":"wp","href":"https:\/\/api.w.org\/{rel}","templated":true}]}}